{"id":422,"date":"2023-05-16T17:19:03","date_gmt":"2023-05-16T17:19:03","guid":{"rendered":"https:\/\/shopiverse.com\/tr\/?p=422"},"modified":"2024-08-22T14:59:02","modified_gmt":"2024-08-22T14:59:02","slug":"lucid-alman-ambalaj-kaydi-nasil-yapilir","status":"publish","type":"post","link":"https:\/\/shopiverse.com\/tr\/lucid-alman-ambalaj-kaydi-nasil-yapilir\/","title":{"rendered":"LUCID &#8211; Alman Ambalaj Kayd\u0131 Nas\u0131l Yap\u0131l\u0131r?"},"content":{"rendered":"<h4>LUCID Ambalaj Kayd\u0131 \u0130\u00e7in Kimler Kaydolmal\u0131d\u0131r?<\/h4>\n<p>Alman ZSVR ajans\u0131, LUCID ambalaj kayd\u0131n\u0131 Ocak 2019&#8217;da ba\u015flatt\u0131. O tarihten bu yana, Alman t\u00fcketicilere \u00fcr\u00fcn satan t\u00fcm \u015firketlerin kay\u0131t yapt\u0131rmalar\u0131 ve y\u0131ll\u0131k ambalaj a\u011f\u0131rl\u0131klar\u0131n\u0131 beyan etmeleri gerekmektedir.<\/p>\n<p>Sat\u0131\u015f ambalaj\u0131n\u0131 \u00f6zel son t\u00fcketicilerde at\u0131k olarak dola\u015f\u0131ma sokan t\u00fcm \u00fcretici ve t\u00fcccarlar, Alman Ambalaj Yasas\u0131&#8217;n\u0131n y\u00fck\u00fcml\u00fcl\u00fcklerine uymal\u0131 ve bu nedenle LUCID ambalaj kayd\u0131na kay\u0131t yapt\u0131rmal\u0131d\u0131r.<\/p>\n<h4>Kay\u0131t Yaparken Nelere Dikkat Etmelisiniz?<\/h4>\n<p>LUCID ambalaj kayd\u0131, Merkezi Ambalaj Kay\u0131t Ajans\u0131 taraf\u0131ndan, ambalaj\u0131 dola\u015f\u0131ma sokan \u015firketlerin, \u00fcr\u00fcn sorumluluklar\u0131n\u0131n bir par\u00e7as\u0131 olarak ambalaj at\u0131klar\u0131n\u0131n geri d\u00f6n\u00fc\u015f\u00fcm maliyetlerini payla\u015fmalar\u0131 ve bu sayede geri d\u00f6n\u00fc\u015f\u00fcm ekonomisini s\u00fcrd\u00fcr\u00fclebilir bir zemine oturtmalar\u0131 i\u00e7in kurulmu\u015ftur. LUCID ambalaj kayd\u0131na kay\u0131t yaln\u0131zca \u015firketler taraf\u0131ndan yap\u0131labilir. Etkilenen \u015firketler, kay\u0131t veya Veri Raporlar\u0131n\u0131 kendi adlar\u0131na ger\u00e7ekle\u015ftirmek \u00fczere ikili sistemler gibi \u00fc\u00e7\u00fcnc\u00fc taraflar\u0131 g\u00f6revlendiremezler.<\/p>\n<h4>LUCID Ambalaj Kay\u0131t\u0131nda Hangi Bilgiler Herkese A\u00e7\u0131k Olarak Mevcuttur?<\/h4>\n<p>Genel halka ek olarak, rakipleriniz de a\u015fa\u011f\u0131daki bilgileri g\u00f6rebilir:<\/p>\n<ul>\n<li>\u015eirket ve \u015firket adresi<\/li>\n<li>\u0130leti\u015fim bilgileri (posta adresi, e-posta, telefon numaras\u0131)<\/li>\n<li>LUCID kay\u0131t numaras\u0131<\/li>\n<li>Giri\u015f tarihi veya varsa \u00e7\u0131k\u0131\u015f tarihi (i\u015fletme faaliyetlerinizi Almanya&#8217;da durdurursan\u0131z ZSVR&#8217;yi bilgilendirmeniz gerekmektedir)<\/li>\n<li>Satt\u0131\u011f\u0131n\u0131z markalar<\/li>\n<\/ul>\n<p>Elbette, rakipleriniz hakk\u0131nda ayn\u0131 bilgileri bulmak i\u00e7in LUCID ambalaj kayd\u0131na bakabilirsiniz. Ancak, bir \u015firketin y\u0131lda ne kadar ambalaj at\u0131\u011f\u0131 \u00fcretti\u011fi veya hangi geri d\u00f6n\u00fc\u015f\u00fcm \u015femas\u0131n\u0131 kulland\u0131\u011f\u0131 bilgisi halka a\u00e7\u0131k de\u011fildir. Bu bilgi, yaln\u0131zca ZSVR&#8217;nin t\u00fcm piyasa kat\u0131l\u0131mc\u0131lar\u0131n\u0131n y\u00fck\u00fcml\u00fcl\u00fcklerini yerine getirdi\u011finden emin olmas\u0131 durumunda mevcuttur.<\/p>\n<h4>LUCID Ambalaj Kayd\u0131na Ad\u0131m Ad\u0131m Kay\u0131t<\/h4>\n<p>Kay\u0131t i\u00e7in herhangi bir \u00fccret al\u0131nmaz. Bu nedenle, kay\u0131t yapt\u0131rmas\u0131 gereken \u015firketler i\u00e7in ek bir maliyet yoktur.<\/p>\n<p>Ambalaj Yasas\u0131 kapsam\u0131ndaki y\u00fck\u00fcml\u00fcl\u00fcklerinize uygun \u015fekilde uymak i\u00e7in kayd\u0131n\u0131z\u0131n eksiksiz ve hatas\u0131z olmas\u0131 gerekmektedir. Aksi takdirde, yasaya uymam\u0131\u015f olursunuz ve Merkezi Ambalaj Kay\u0131t Ajans\u0131, VerpackG&#8217;nin denetim organ\u0131ndan uyar\u0131lar beklemeniz gerekmektedir. Kolayl\u0131\u011f\u0131n\u0131z i\u00e7in, net bir kay\u0131t rehberi haz\u0131rlad\u0131k:<\/p>\n<ol>\n<li>\u00dcreticiler i\u00e7in LUCID kay\u0131t sayfas\u0131na t\u0131klay\u0131n.<\/li>\n<li>Bir giri\u015f olu\u015fturun (sayfadaki ad\u0131m 1&#8217;den 4&#8217;e kadar olan ad\u0131mlar\u0131 izleyin).<\/li>\n<li>E-posta ile ald\u0131\u011f\u0131n\u0131z do\u011frulama ba\u011flant\u0131s\u0131 arac\u0131l\u0131\u011f\u0131yla 24 saat i\u00e7inde verileri onaylay\u0131n.<\/li>\n<li>LUCID hesab\u0131nda ana verileri tamamlay\u0131n.<\/li>\n<li>VerpackG&#8217;nin 2. y\u00fck\u00fcml\u00fcl\u00fc\u011f\u00fc olan sistem kat\u0131l\u0131m y\u00fck\u00fcml\u00fcl\u00fc\u011f\u00fcn\u00fc yerine getirmediyseniz, paketlerinizi Interseroh+ gibi bir ikili sistemle Lizenzero \u00fczerinden lisanslay\u0131n; ancak bu ek y\u00fck\u00fcml\u00fcl\u00fck yerine getirildikten sonra LUCID kayd\u0131 tamamlanabilir.<\/li>\n<li>Kay\u0131t numaran\u0131z\u0131 ikili sisteminize g\u00f6nderin.<\/li>\n<li>LUCID ana verilerinde ikili sistemin ad\u0131n\u0131 belirtin.<\/li>\n<li>&#8220;Data Report&#8221; sekmesi alt\u0131nda, mevcut y\u0131l i\u00e7in lisansl\u0131 ambalaj hacimlerinizi girin.<\/li>\n<\/ol>\n<p>Almanya&#8217;ya sat\u0131\u015f yapan online perakendeciler i\u00e7in yeni d\u00fczenlemeler getirilmektedir ve bu durum sat\u0131\u015flar\u0131n\u0131 etkileyecektir. Alman pazar\u0131nda sat\u0131c\u0131ysan\u0131z, VerpackG (Ambalaj Yasas\u0131) sizin i\u00e7in \u00f6zel bir \u00f6nem ta\u015f\u0131r. 1 Temmuz 2022&#8217;ye kadar yasaya uymaman\u0131z durumunda, \u00fcr\u00fcnlerinizin da\u011f\u0131t\u0131m\u0131n\u0131n durdurulmas\u0131 veya a\u011f\u0131r para cezalar\u0131 ile kar\u015f\u0131 kar\u015f\u0131ya kalabilirsiniz.<\/p>\n<h4>VerpackG (Ambalaj Yasas\u0131) Nedir?<\/h4>\n<p>VerpackG, Almanya&#8217;ya paket g\u00f6nderenleri y\u00fck\u00fcml\u00fc k\u0131lan bir yasad\u0131r. 1 Aral\u0131k 1991 tarihli VerpackV (Ambalaj Y\u00f6netmeli\u011fi) yerine ge\u00e7mi\u015ftir ve 1 Ocak 2019&#8217;da y\u00fcr\u00fcrl\u00fc\u011fe girmi\u015ftir.<\/p>\n<p>1 Ocak 2019&#8217;da Almanya&#8217;n\u0131n VerpackG (Ambalaj Yasas\u0131) y\u00fcr\u00fcrl\u00fc\u011fe girmi\u015ftir. Son 3 y\u0131ld\u0131r y\u00fcr\u00fcrl\u00fckte olan Alman ambalaj yasas\u0131 i\u00e7in m\u00fczakereler 2021 y\u0131l\u0131nda tamamlanm\u0131\u015f ve yasan\u0131n en g\u00fcncel versiyonunun 3 Temmuz 2022&#8217;de y\u00fcr\u00fcrl\u00fc\u011fe girece\u011fi kararla\u015ft\u0131r\u0131lm\u0131\u015ft\u0131r. Bu ambalaj yasas\u0131, ambalaj materyallerinin (karton kutular, bant, balonlu naylon) yeniden kullan\u0131m\u0131n\u0131 ve hatta geri d\u00f6n\u00fc\u015f\u00fcm\u00fcn\u00fc te\u015fvik etmektedir. G\u00fcndemde yeni olan: 1 Temmuz 2022&#8217;ye kadar bir lisans kayd\u0131 ve sertifikas\u0131 al\u0131nmas\u0131 gerekmektedir.<\/p>\n<h4>Ambalaj Yasas\u0131na Uymak \u0130\u00e7in Neler Yap\u0131lmal\u0131d\u0131r?<\/h4>\n<p>Teori ve terim a\u00e7\u0131klamalar\u0131n\u0131n ard\u0131ndan, pratik taraf\u0131n\u0131 konu\u015fal\u0131m. Ambalaj Yasas\u0131&#8217;na uyum i\u00e7in LUCID lisans\u0131 ve sertifikas\u0131 nas\u0131l al\u0131n\u0131r?<\/p>\n<ol>\n<li>Almanya&#8217;n\u0131n resmi merkezi kay\u0131t sistemi olan ZSVR Verpackungsregister web sitesinde LUCID Ambalaj Kayd\u0131na kay\u0131t olmal\u0131s\u0131n\u0131z. Bu \u015fekilde kay\u0131t numaran\u0131z\u0131, yani \u00fcye numaran\u0131z\u0131 al\u0131rs\u0131n\u0131z.<\/li>\n<li>\u0130kili Sistemlerden birinden bir sertifika alman\u0131z gerekmektedir. Bu sistemlerde, kulland\u0131\u011f\u0131n\u0131z y\u0131ll\u0131k ambalaj miktar\u0131n\u0131 belirtirsiniz ve \u00f6demeniz gereken \u00fccret sizin i\u00e7in hesaplan\u0131r.<\/li>\n<li>Ald\u0131\u011f\u0131n\u0131z sertifika numaras\u0131n\u0131 LUCID&#8217;e bildirmeniz gerekmektedir.<\/li>\n<li>Son olarak, \u0130kili Sistem&#8217;e \u00f6deme yapt\u0131ktan sonra verilen yasal logoyu paketlerinize eklemeyi unutmamal\u0131s\u0131n\u0131z.<\/li>\n<\/ol>\n<h4>Ambalaj Yasas\u0131na Uyulmazsa Ne Olur?<\/h4>\n<p>Bir sertifika al\u0131nmamas\u0131, LUCID lisans\u0131 al\u0131nmamas\u0131, \u0130kili sistemlerde miktarlar\u0131n beyan edilmemesi veya yanl\u0131\u015f beyan edilmesi, Ambalaj Yasas\u0131 kapsam\u0131nda idari bir su\u00e7 olarak kabul edilir.<\/p>\n<p>Ambalaj Yasas\u0131na uymazsan\u0131z:<\/p>\n<ul>\n<li>Yaz\u0131l\u0131 bir uyar\u0131 alabilirsiniz.<\/li>\n<li>Kay\u0131ts\u0131z \u00fcr\u00fcnler satarsan\u0131z, 100.000 \u20ac&#8217;ya kadar para cezas\u0131 alabilirsiniz.<\/li>\n<li>Geri d\u00f6n\u00fc\u015f\u00fcm sistemine kat\u0131lmazsan\u0131z, 200.000 \u20ac&#8217;ya kadar para cezas\u0131 alabilirsiniz.<\/li>\n<li>\u0130kili Sistemlerden birinden kulland\u0131\u011f\u0131n\u0131z materyaller i\u00e7in \u00f6deme yapmaz ve LUCID lisans\u0131 almazsan\u0131z, hemen sat\u0131\u015f yasa\u011f\u0131 alabilirsiniz. Bu nedenle, 1 Temmuz 2022&#8217;den itibaren Almanya&#8217;da paketlenmi\u015f \u00fcr\u00fcnlerinizin da\u011f\u0131t\u0131m\u0131n\u0131 yapamazs\u0131n\u0131z.<\/li>\n<\/ul>\n<p>Ek olarak, Merkezi Ambalaj Kay\u0131t Ofisi t\u00fcm \u015firketleri kaydeder ve bunlar\u0131 halka a\u00e7\u0131k hale getirir. \u015eeffafl\u0131\u011f\u0131n amac\u0131, rekabette adaleti sa\u011flamakt\u0131r. Herkes kay\u0131ts\u0131z ticaret yapanlar\u0131 bildirebilir.<\/p>\n<h4>Al\u0131c\u0131lar\u0131n\u0131z\u0131 \u0130ade ve Geri D\u00f6n\u00fc\u015f\u00fcm Se\u00e7enekleri Hakk\u0131nda Bilgilendirin<\/h4>\n<p>Yeni ambalaj yasas\u0131, sat\u0131c\u0131lar\u0131n al\u0131c\u0131lara iade ve geri d\u00f6n\u00fc\u015f\u00fcm se\u00e7enekleri hakk\u0131nda bilgi vermelerini de gerektirmektedir. Bu bilgiyi sat\u0131\u015f yapt\u0131\u011f\u0131n\u0131z pazaryerindeki ma\u011fazan\u0131zda bir mesaj olarak yay\u0131nlayabilirsiniz. Daha fazla bilgi i\u00e7in LUCID web sitesini ziyaret edin veya yasal dan\u0131\u015fmanl\u0131k al\u0131n.<\/p>\n","protected":false},"excerpt":{"rendered":"<p>Alman ZSVR ajans\u0131, Ocak 2019&#8217;da LUCID ambalaj kayd\u0131n\u0131 ba\u015flatt\u0131. O tarihten bu yana, Alman t\u00fcketicilere \u00fcr\u00fcn satan t\u00fcm \u015firketlerin kay\u0131t yapt\u0131rmalar\u0131 ve y\u0131ll\u0131k ambalaj a\u011f\u0131rl\u0131klar\u0131n\u0131 beyan etmeleri gerekmektedir.<\/p>\n","protected":false},"author":3,"featured_media":6226,"comment_status":"closed","ping_status":"closed","sticky":false,"template":"","format":"standard","meta":{"footnotes":""},"categories":[1],"tags":[],"class_list":["post-422","post","type-post","status-publish","format-standard","has-post-thumbnail","hentry","category-blog"],"_links":{"self":[{"href":"https:\/\/shopiverse.com\/tr\/wp-json\/wp\/v2\/posts\/422","targetHints":{"allow":["GET"]}}],"collection":[{"href":"https:\/\/shopiverse.com\/tr\/wp-json\/wp\/v2\/posts"}],"about":[{"href":"https:\/\/shopiverse.com\/tr\/wp-json\/wp\/v2\/types\/post"}],"author":[{"embeddable":true,"href":"https:\/\/shopiverse.com\/tr\/wp-json\/wp\/v2\/users\/3"}],"replies":[{"embeddable":true,"href":"https:\/\/shopiverse.com\/tr\/wp-json\/wp\/v2\/comments?post=422"}],"version-history":[{"count":3,"href":"https:\/\/shopiverse.com\/tr\/wp-json\/wp\/v2\/posts\/422\/revisions"}],"predecessor-version":[{"id":5725,"href":"https:\/\/shopiverse.com\/tr\/wp-json\/wp\/v2\/posts\/422\/revisions\/5725"}],"wp:featuredmedia":[{"embeddable":true,"href":"https:\/\/shopiverse.com\/tr\/wp-json\/wp\/v2\/media\/6226"}],"wp:attachment":[{"href":"https:\/\/shopiverse.com\/tr\/wp-json\/wp\/v2\/media?parent=422"}],"wp:term":[{"taxonomy":"category","embeddable":true,"href":"https:\/\/shopiverse.com\/tr\/wp-json\/wp\/v2\/categories?post=422"},{"taxonomy":"post_tag","embeddable":true,"href":"https:\/\/shopiverse.com\/tr\/wp-json\/wp\/v2\/tags?post=422"}],"curies":[{"name":"wp","href":"https:\/\/api.w.org\/{rel}","templated":true}]}}